{"id":152,"date":"2023-06-04T18:53:45","date_gmt":"2023-06-04T18:53:45","guid":{"rendered":"http:\/\/54.147.140.33\/?p=152"},"modified":"2023-07-23T18:55:57","modified_gmt":"2023-07-23T16:55:57","slug":"a-terapia-floral-de-bach-equilibra-suas-emocoes-e-encontra-a-harmonia-interior","status":"publish","type":"post","link":"https:\/\/analuzterapias.com\/pt\/a-terapia-floral-de-bach-equilibra-suas-emocoes-e-encontra-a-harmonia-interior\/","title":{"rendered":"Terapia Floral de Bach: Equilibre suas emo\u00e7\u00f5es e encontre a harmonia interior"},"content":{"rendered":"<p>A Terapia Floral de Bach oferece uma solu\u00e7\u00e3o natural para lidar com uma ampla gama de situa\u00e7\u00f5es emocionais, desde medos e estresse at\u00e9 depress\u00e3o e obsess\u00f5es. Essas ess\u00eancias florais funcionam em um n\u00edvel vibracional, ajudando voc\u00ea a equilibrar suas emo\u00e7\u00f5es e encontrar a harmonia interior. Neste artigo, exploraremos os benef\u00edcios da Terapia Floral de Bach e como ela pode ser uma ferramenta poderosa em sua jornada rumo ao bem-estar emocional.<\/p>\n\n\n\n<h3 class=\"wp-block-heading\">Equil\u00edbrio emocional atrav\u00e9s das ess\u00eancias florais<\/h3>\n\n\n\n<p>Os Florais de Bach s\u00e3o extratos de plantas naturais que s\u00e3o usados para tratar desequil\u00edbrios emocionais. Cada flor \u00e9 cuidadosamente selecionada para abordar uma emo\u00e7\u00e3o espec\u00edfica, como medo, solid\u00e3o, desespero ou estresse. Ao tomar as ess\u00eancias florais certas, voc\u00ea pode restaurar o equil\u00edbrio emocional e promover uma sensa\u00e7\u00e3o de calma e bem-estar.<\/p>\n\n\n\n<h3 class=\"wp-block-heading\">vibra\u00e7\u00f5es curativas de flores<\/h3>\n\n\n\n<p>As flores utilizadas na Terapia Floral de Bach atuam no n\u00edvel vibracional, influenciando nossa energia e estado emocional. Cada ess\u00eancia floral emite uma vibra\u00e7\u00e3o \u00fanica que interage com nossos padr\u00f5es energ\u00e9ticos, ajudando-nos a liberar emo\u00e7\u00f5es bloqueadas e restaurar a harmonia interior. Esta terapia permite-nos sintonizar com a vibra\u00e7\u00e3o curativa da natureza e aceder a um maior bem-estar emocional.<\/p>\n\n\n\n<p><\/p>\n\n\n\n<h3 class=\"wp-block-heading\">Dura\u00e7\u00e3o e modalidade das sess\u00f5es<\/h3>\n\n\n\n<p>Cada sess\u00e3o de Terapia Floral de Bach dura aproximadamente e varia de acordo com as necessidades individuais. Durante a sess\u00e3o, Ana Luz, especialista em Terapia Floral de Bach, ir\u00e1 orient\u00e1-lo na sele\u00e7\u00e3o das ess\u00eancias florais certas para enfrentar seus desafios emocionais espec\u00edficos. Estas sess\u00f5es podem ser realizadas presencialmente ou remotamente, dependendo das suas prefer\u00eancias e circunst\u00e2ncias.<\/p>\n\n\n\n<h3 class=\"wp-block-heading\">Conclus\u00e3o<\/h3>\n\n\n\n<p>A Terapia Floral de Bach \u00e9 uma forma natural e eficaz de equilibrar as emo\u00e7\u00f5es e encontrar a harmonia interior. Aproveite os benef\u00edcios desta terapia para lidar com medos, estresse, depress\u00e3o, ins\u00f4nia e muito mais. Entre em contato com Ana Luz e descubra como os Florais de Bach podem ser uma ferramenta transformadora na sua jornada rumo a um maior bem-estar emocional. <\/p>\n\n\n<a class=\"maxbutton-2 maxbutton maxbutton-constelaciones\" target=\"_blank\" rel=\"noopener\" href=\"https:\/\/api.whatsapp.com\/send?phone=+34689823385&#038;text=Quiero apuntarme para Flores de Bach\"><span class='mb-text'>Quero me inscrever para uma sess\u00e3o de Florais de Bach!<\/span><\/a>\n\n\n<p>Permita-se encontrar equil\u00edbrio e harmonia em suas emo\u00e7\u00f5es e experimente uma vida mais plena e vibrante!<\/p>","protected":false},"excerpt":{"rendered":"<p>A Terapia Floral de Bach oferece uma solu\u00e7\u00e3o natural para lidar com uma ampla gama de situa\u00e7\u00f5es emocionais, desde medos e estresse at\u00e9 depress\u00e3o e obsess\u00f5es. Essas ess\u00eancias florais funcionam\u2026 <\/p>","protected":false},"author":1,"featured_media":154,"comment_status":"open","ping_status":"open","sticky":false,"template":"","format":"standard","meta":{"_monsterinsights_skip_tracking":false,"_monsterinsights_sitenote_active":false,"_monsterinsights_sitenote_note":"","_monsterinsights_sitenote_category":0,"_jetpack_memberships_contains_paid_content":false,"footnotes":""},"categories":[19],"tags":[82,110,109,111,45,112,113],"class_list":["post-152","post","type-post","status-publish","format-standard","has-post-thumbnail","hentry","category-terapias","tag-bienestar-emocional","tag-calma-y-bienestar","tag-equilibrio-emocional","tag-esencias-florales","tag-naturaleza","tag-terapia-de-flores-de-bach","tag-vibraciones-curativas"],"jetpack_featured_media_url":"https:\/\/i0.wp.com\/analuzterapias.com\/wp-content\/uploads\/2023\/06\/%C2%BFFlores-de-bach-para-que-sirven-%C2%BFQue-tipos-hay.jpeg?fit=768%2C512&ssl=1","jetpack-related-posts":[],"jetpack_sharing_enabled":true,"_links":{"self":[{"href":"https:\/\/analuzterapias.com\/pt\/wp-json\/wp\/v2\/posts\/152","targetHints":{"allow":["GET"]}}],"collection":[{"href":"https:\/\/analuzterapias.com\/pt\/wp-json\/wp\/v2\/posts"}],"about":[{"href":"https:\/\/analuzterapias.com\/pt\/wp-json\/wp\/v2\/types\/post"}],"author":[{"embeddable":true,"href":"https:\/\/analuzterapias.com\/pt\/wp-json\/wp\/v2\/users\/1"}],"replies":[{"embeddable":true,"href":"https:\/\/analuzterapias.com\/pt\/wp-json\/wp\/v2\/comments?post=152"}],"version-history":[{"count":4,"href":"https:\/\/analuzterapias.com\/pt\/wp-json\/wp\/v2\/posts\/152\/revisions"}],"predecessor-version":[{"id":522,"href":"https:\/\/analuzterapias.com\/pt\/wp-json\/wp\/v2\/posts\/152\/revisions\/522"}],"wp:featuredmedia":[{"embeddable":true,"href":"https:\/\/analuzterapias.com\/pt\/wp-json\/wp\/v2\/media\/154"}],"wp:attachment":[{"href":"https:\/\/analuzterapias.com\/pt\/wp-json\/wp\/v2\/media?parent=152"}],"wp:term":[{"taxonomy":"category","embeddable":true,"href":"https:\/\/analuzterapias.com\/pt\/wp-json\/wp\/v2\/categories?post=152"},{"taxonomy":"post_tag","embeddable":true,"href":"https:\/\/analuzterapias.com\/pt\/wp-json\/wp\/v2\/tags?post=152"}],"curies":[{"name":"wp","href":"https:\/\/api.w.org\/{rel}","templated":true}]}}