{"id":618,"date":"2023-08-31T22:49:21","date_gmt":"2023-08-31T20:49:21","guid":{"rendered":"https:\/\/analuzterapias.com\/?p=618"},"modified":"2023-08-31T23:32:16","modified_gmt":"2023-08-31T21:32:16","slug":"tenda-da-lua","status":"publish","type":"post","link":"https:\/\/analuzterapias.com\/pt\/tenda-da-lua\/","title":{"rendered":"Loja da Lua: Curando o Sagrado Feminino"},"content":{"rendered":"<h3 class=\"wp-block-heading\">Redefinindo a Ess\u00eancia Feminina<\/h3>\n\n\n\n<p>Cada mulher, independentemente da sua idade, est\u00e1 em constante evolu\u00e7\u00e3o e mudan\u00e7a. Estas transi\u00e7\u00f5es n\u00e3o trazem apenas desafios f\u00edsicos e emocionais, mas tamb\u00e9m oferecem a oportunidade de redescobrir e curar o sagrado feminino. Apesar de certas fases poderem ser acompanhadas de momentos de tristeza ou melancolia, tamb\u00e9m se apresentam como espa\u00e7os f\u00e9rteis de renascimento e crescimento pessoal.<\/p>\n\n\n\n<p>\u00c9 um momento para abra\u00e7ar uma rela\u00e7\u00e3o renovada consigo mesmo, com o casal e com o meio ambiente. \u00c9 hora de sonhar novamente, de criar e redefinir o prop\u00f3sito e a ess\u00eancia da feminilidade.<\/p>\n\n\n\n<h3 class=\"wp-block-heading\">A Jornada Interior com o Guia Terap\u00eautico<\/h3>\n\n\n\n<p>Curar o sagrado feminino requer uma jornada introspectiva, um retorno \u00e0s emo\u00e7\u00f5es e experi\u00eancias que podem ter sido deixadas de lado. Sob a orienta\u00e7\u00e3o de um terapeuta, as mulheres t\u00eam a oportunidade de \u201colhar para dentro\u201d, reconectar-se com a sua ess\u00eancia e descobrir a sabedoria e a for\u00e7a que residem dentro de si.<\/p>\n\n\n\n<p>A terapia n\u00e3o s\u00f3 permite revelar emo\u00e7\u00f5es ocultas, mas tamb\u00e9m abre portas para a preven\u00e7\u00e3o e cura de feridas. \u00c9 um convite para cuidar de si, se valorizar e encontrar o equil\u00edbrio entre o eu interno e o mundo externo.<\/p>\n\n\n\n<h3 class=\"wp-block-heading\">Para quem \u00e9 esse encontro?<\/h3>\n\n\n\n<p>Este espa\u00e7o de cura e descoberta destina-se a mulheres de todas as idades que queiram viver plenamente cada etapa, redescobrindo sonhos talvez esquecidos ou dando vida a projetos adiados.<\/p>\n\n\n\n<p>\u00c9 para mulheres que buscam construir relacionamentos mais ricos e satisfat\u00f3rios em todos os aspectos de suas vidas: com os filhos, com o parceiro, com os amigos e no local de trabalho.<\/p>\n\n\n\n<p>Este encontro tamb\u00e9m oferece um ref\u00fagio para aquelas mulheres que sentem diminui\u00e7\u00e3o da autoestima ou t\u00eam dificuldade em redescobrir a sua ess\u00eancia.<\/p>\n\n\n\n<p>Por fim, \u00e9 para todas as mulheres que desejam iniciar um novo cap\u00edtulo em suas vidas, buscando relacionamentos afetuosos, cheios de ilus\u00e3o e que gerem vida.<\/p>\n\n\n\n<figure class=\"wp-block-image size-large\"><img data-recalc-dims=\"1\" fetchpriority=\"high\" decoding=\"async\" width=\"724\" height=\"1024\" src=\"https:\/\/i0.wp.com\/analuzterapias.com\/wp-content\/uploads\/2023\/08\/Cartel-Tienda-Roja.jpg?resize=724%2C1024&#038;ssl=1\" alt=\"\" class=\"wp-image-621\" srcset=\"https:\/\/i0.wp.com\/analuzterapias.com\/wp-content\/uploads\/2023\/08\/Cartel-Tienda-Roja.jpg?resize=724%2C1024&amp;ssl=1 724w, https:\/\/i0.wp.com\/analuzterapias.com\/wp-content\/uploads\/2023\/08\/Cartel-Tienda-Roja.jpg?resize=212%2C300&amp;ssl=1 212w, https:\/\/i0.wp.com\/analuzterapias.com\/wp-content\/uploads\/2023\/08\/Cartel-Tienda-Roja.jpg?resize=768%2C1086&amp;ssl=1 768w, https:\/\/i0.wp.com\/analuzterapias.com\/wp-content\/uploads\/2023\/08\/Cartel-Tienda-Roja.jpg?resize=8%2C12&amp;ssl=1 8w, https:\/\/i0.wp.com\/analuzterapias.com\/wp-content\/uploads\/2023\/08\/Cartel-Tienda-Roja.jpg?resize=42%2C60&amp;ssl=1 42w, https:\/\/i0.wp.com\/analuzterapias.com\/wp-content\/uploads\/2023\/08\/Cartel-Tienda-Roja.jpg?w=794&amp;ssl=1 794w\" sizes=\"(max-width: 724px) 100vw, 724px\" \/><\/figure>\n\n\n\n<p>Este encontro \u00e9 um convite para abra\u00e7ar, curar e celebrar o sagrado feminino em todas as suas facetas. \u00c9 um espa\u00e7o para redescobrir, reinventar e relan\u00e7ar em qualquer fase da vida, aproveitando todas as possibilidades que oferece.<\/p>\n\n\n\n<h4 class=\"wp-block-heading\">Entre n\u00f3s: as experi\u00eancias que nos unem e nos transformam \ud83d\udcaa\ud83c\udf38<\/h4>\n\n\n\n<p class=\"has-text-align-right\"><em>Cheguei ao grupo logo no in\u00edcio, quando n\u00e3o pod\u00edamos nos encontrar pessoalmente, com crises de ansiedade, baixa autoestima, des\u00e2nimo. Esse grupo de mulheres que se abra\u00e7aram com suas hist\u00f3rias, acolhendo as outras, nos mostrou que somos guerreiras, deusas, esposas, m\u00e3es, filhas, trabalhadoras, curadoras, seres de luz que habitam esse corpo na terra, mulheres s\u00e1bias. Gratid\u00e3o. <br>PM<\/em><\/p>\n\n\n\n<p class=\"has-text-align-right\"><em>Comecei a participar do grupo durante a pandemia e, para mim, foi fundamental passar por isso com tranquilidade. Isto se deve ao apoio que damos uns aos outros. Al\u00e9m disso, a nossa autoconsci\u00eancia fez, penso eu, que todos n\u00f3s nos empoder\u00e1ssemos e nos fortalec\u00eassemos. Hoje continuo no grupo com a certeza de que tenho a amizade e o apoio de todos, mesmo estando distantes fisicamente, em todos os momentos. E, certamente, toda esta uni\u00e3o tem muito a ver com o acolhimento caloroso que Ana Luz d\u00e1 a cada um de n\u00f3s \ud83d\ude4f\ud83d\udc9d <br>PC<\/em><\/p>\n\n\n\n<p class=\"has-text-align-right\"><em>Eu conheci o <strong>Loja<\/strong> atrav\u00e9s de um curso de ervas que fiz com Ana Luz e Shirlene Moura. Foi um ponto de viragem na minha vida. estar no <strong>Loja<\/strong> \u00c9 compartilhar com amigas\/irm\u00e3s muito conhecimento. \u00c9 crescer como mulher, mas tamb\u00e9m como pessoa neste mundo e aprender que fa\u00e7o a diferen\u00e7a sendo quem sou. Sou muito grato a todas as mulheres que conheci e que est\u00e3o na minha vida, como Ana Luz, Ros\u00e2ngela Scaldelai e muitas outras. Muito amor envolvido. \ud83c\udf3b\ud83e\ude77\ud83c\udf3b <br>GP<\/em><\/p>","protected":false},"excerpt":{"rendered":"<p>Redefinindo a Ess\u00eancia Feminina Toda mulher, independentemente da idade, est\u00e1 em constante evolu\u00e7\u00e3o e mudan\u00e7a. Essas transi\u00e7\u00f5es n\u00e3o trazem apenas desafios f\u00edsicos e emocionais, mas tamb\u00e9m\u2026 <\/p>","protected":false},"author":1,"featured_media":623,"comment_status":"open","ping_status":"open","sticky":true,"template":"","format":"standard","meta":{"_monsterinsights_skip_tracking":false,"_monsterinsights_sitenote_active":false,"_monsterinsights_sitenote_note":"","_monsterinsights_sitenote_category":0,"_jetpack_memberships_contains_paid_content":false,"footnotes":""},"categories":[549],"tags":[],"class_list":["post-618","post","type-post","status-publish","format-standard","has-post-thumbnail","hentry","category-encontros"],"jetpack_featured_media_url":"https:\/\/i0.wp.com\/analuzterapias.com\/wp-content\/uploads\/2023\/08\/Screenshot-2023-08-31-at-22.49.46.png?fit=856%2C321&ssl=1","jetpack-related-posts":[],"jetpack_sharing_enabled":true,"_links":{"self":[{"href":"https:\/\/analuzterapias.com\/pt\/wp-json\/wp\/v2\/posts\/618","targetHints":{"allow":["GET"]}}],"collection":[{"href":"https:\/\/analuzterapias.com\/pt\/wp-json\/wp\/v2\/posts"}],"about":[{"href":"https:\/\/analuzterapias.com\/pt\/wp-json\/wp\/v2\/types\/post"}],"author":[{"embeddable":true,"href":"https:\/\/analuzterapias.com\/pt\/wp-json\/wp\/v2\/users\/1"}],"replies":[{"embeddable":true,"href":"https:\/\/analuzterapias.com\/pt\/wp-json\/wp\/v2\/comments?post=618"}],"version-history":[{"count":12,"href":"https:\/\/analuzterapias.com\/pt\/wp-json\/wp\/v2\/posts\/618\/revisions"}],"predecessor-version":[{"id":641,"href":"https:\/\/analuzterapias.com\/pt\/wp-json\/wp\/v2\/posts\/618\/revisions\/641"}],"wp:featuredmedia":[{"embeddable":true,"href":"https:\/\/analuzterapias.com\/pt\/wp-json\/wp\/v2\/media\/623"}],"wp:attachment":[{"href":"https:\/\/analuzterapias.com\/pt\/wp-json\/wp\/v2\/media?parent=618"}],"wp:term":[{"taxonomy":"category","embeddable":true,"href":"https:\/\/analuzterapias.com\/pt\/wp-json\/wp\/v2\/categories?post=618"},{"taxonomy":"post_tag","embeddable":true,"href":"https:\/\/analuzterapias.com\/pt\/wp-json\/wp\/v2\/tags?post=618"}],"curies":[{"name":"wp","href":"https:\/\/api.w.org\/{rel}","templated":true}]}}