{"id":644,"date":"2023-09-12T22:12:49","date_gmt":"2023-09-12T20:12:49","guid":{"rendered":"https:\/\/analuzterapias.com\/?p=644"},"modified":"2023-10-16T10:51:21","modified_gmt":"2023-10-16T08:51:21","slug":"o-que-e-apometria","status":"publish","type":"post","link":"https:\/\/analuzterapias.com\/pt\/o-que-e-apometria\/","title":{"rendered":"O que \u00e9 Apometria?"},"content":{"rendered":"<p>A apometria \u00e9 um fascinante am\u00e1lgama de princ\u00edpios e m\u00e9todos focados na canaliza\u00e7\u00e3o de energias com o prop\u00f3sito de equilibrar, tratar e conscientizar os m\u00faltiplos aspectos das energias que nos definem como seres humanos. No cerne desta pr\u00e1tica est\u00e1 o intrigante fen\u00f4meno da duplica\u00e7\u00e3o induzida, conhecido por alguns como proje\u00e7\u00e3o da consci\u00eancia. Allan Kardec, pioneiro no mundo do espiritismo, chamou isso de sonambulismo magn\u00e9tico.<\/p>\n\n\n\n<p>\u00c9 fundamental compreender que a Apometria se distingue por n\u00e3o ser nem uma doutrina nem uma filosofia, muito menos uma religi\u00e3o. Embora compartilhe ra\u00edzes com diversas tradi\u00e7\u00f5es esp\u00edritas, sua ess\u00eancia reside no compromisso \u00e9tico e filos\u00f3fico de servir de cora\u00e7\u00e3o e com amor genu\u00edno.<\/p>\n\n\n\n<p>N\u00e3o devemos ficar confusos: a apometria n\u00e3o pretende ser uma solu\u00e7\u00e3o m\u00e1gica ou universal. N\u00e3o garante a resolu\u00e7\u00e3o de todos os nossos dilemas, sejam f\u00edsicos ou espirituais. Em vez disso, apresenta-se como uma ferramenta adicional para explorar as profundezas da alma, sempre em sintonia com o reino espiritual.<\/p>\n\n\n\n<p>Dentro de um contexto apom\u00e9trico, procedimentos como:<\/p>\n\n\n\n<ul class=\"wp-block-list\">\n<li>A purifica\u00e7\u00e3o, orienta\u00e7\u00e3o e cura dos diversos corpos que constituem a nossa ess\u00eancia humana.<\/li>\n\n\n\n<li>O ajuste e equil\u00edbrio dos chakras, nossos centros de energia.<\/li>\n\n\n\n<li>A harmoniza\u00e7\u00e3o e aten\u00e7\u00e3o das diferentes camadas da nossa consci\u00eancia, que inclui experi\u00eancias passadas e aspectos da nossa personalidade que podem influenciar a nossa vida atual.<\/li>\n\n\n\n<li>Al\u00e9m disso, s\u00e3o proporcionados prote\u00e7\u00e3o, equil\u00edbrio e renova\u00e7\u00e3o energ\u00e9tica do lar do indiv\u00edduo.<\/li>\n<\/ul>\n\n\n\n<p>Para situa\u00e7\u00f5es mais complexas, como certos tipos de obsess\u00e3o, a Apometria oferece uma abordagem profunda e detalhada. Permite, por exemplo, que entidades obsessivas sejam encaminhadas a locais especializados no plano astral para aten\u00e7\u00e3o.<\/p>\n\n\n\n<p>Um mantra essencial na Apometria \u00e9 lembrar sempre a Regra de Ouro:<\/p>\n\n\n\n<p>\u00abDevemos ser cautelosos com o entusiasmo que podemos gerar. O cerne deste e de qualquer trabalho espiritual \u00e9 o AMOR. \u00c9 fundamental. SEMPRE.&quot; \u2013 palavras de Jos\u00e9 Lacerda de Azevedo.<\/p>\n\n\n\n<p>Falando nele, voc\u00ea j\u00e1 se perguntou sobre as origens da Apometria? Jos\u00e9 Lacerda de Azevedo, m\u00e9dico de Porto Alegre-RS, foi pilar fundamental no seu desenvolvimento e sistematiza\u00e7\u00e3o.<\/p>\n\n\n\n<hr class=\"wp-block-separator has-alpha-channel-opacity\"\/>\n\n\n\n<p>Jos\u00e9 Lacerda de Azevedo, m\u00e9dico nascido (1919) e falecido (1997) em Porto Alegre-RS. O m\u00e9dico ga\u00facho, ao tomar conhecimento de um estudo realizado pelo senhor Luis J. Rodriguez, cidad\u00e3o porto-riquenho, sobre Hipnometria, t\u00e9cnica que propunha um desacoplamento do perisp\u00edrito, atrav\u00e9s do qual um m\u00e9dico poderia acessar o interior energ\u00e9tico do paciente e extrair da mem\u00f3ria espiritual acontecimentos e ocorr\u00eancias infelizes do passado, respons\u00e1veis por dist\u00farbios ps\u00edquicos e som\u00e1ticos identificados na presente encarna\u00e7\u00e3o.<\/p>\n\n\n\n<p>O Dr. Jos\u00e9 Lacerda interessou-se pelo tema e criou toda uma sistematiza\u00e7\u00e3o de pesquisas nesta \u00e1rea. Ap\u00f3s algum tempo de trabalho, considerou o nome inadequado, pois Hypnos em grego significa sono, o que indicava que o paciente foi induzido ao sono, o que n\u00e3o ocorre. Ent\u00e3o, o nome foi alterado. Apo em grego \u00e9 uma preposi\u00e7\u00e3o que significa fora de, e Metron, em grego, significa medida. Portanto, a Apometria \u00e9 um fen\u00f4meno de desdobramento do indiv\u00edduo fora do seu corpo f\u00edsico em estado de vig\u00edlia. O Dr. Lacerda foi respons\u00e1vel pela cria\u00e7\u00e3o de leis, pelo estudo de diversas s\u00edndromes obsessivas, pelas t\u00e9cnicas operacionais e pela forma\u00e7\u00e3o de um n\u00famero significativo de m\u00e9diuns e operadores familiarizados com a metodologia sugestiva de pesquisa da alma humana.<\/p>\n\n\n\n<hr class=\"wp-block-separator has-alpha-channel-opacity\"\/>\n\n\n\n<p>\u201cA apometria, repetiremos sempre, n\u00e3o \u00e9 uma panac\u00e9ia. \u00c9 apenas uma t\u00e9cnica complementar para investigar a alma humana. (Vitor Ronaldo Costa)<\/p>\n\n\n\n<p>Para quem deseja se aprofundar neste tema fascinante, recomendo estes t\u00edtulos:<\/p>\n\n\n\n<ul class=\"wp-block-list\">\n<li>\u201cEsp\u00edrito\/Mat\u00e9ria: Desvendando novos horizontes para a medicina\u201d de Jos\u00e9 Lacerda de Azevedo.<\/li>\n\n\n\n<li>\u00abDesobsess\u00e3o &amp; Apometria: Uma an\u00e1lise na perspectiva da Ci\u00eancia Esp\u00edrita\u00bb de Vitor Ronaldo Costa.<\/li>\n\n\n\n<li>\u201cApometria: Explorando novos caminhos da medicina espiritual\u201d tamb\u00e9m de Vitor Ronaldo Costa.<\/li>\n<\/ul>\n\n\n\n<p><\/p>\n\n\n\n<p>Fonte: <strong><em><a href=\"https:\/\/www.apometria.com\/sobre-apometria\" target=\"_blank\" rel=\"noreferrer noopener\">Apometria.com<\/a><\/em><\/strong><\/p>","protected":false},"excerpt":{"rendered":"<p>A apometria \u00e9 um fascinante am\u00e1lgama de princ\u00edpios e m\u00e9todos focados na canaliza\u00e7\u00e3o de energias com o prop\u00f3sito de equilibrar, tratar e tornar conscientes os m\u00faltiplos aspectos das energias que\u2026 <\/p>","protected":false},"author":1,"featured_media":646,"comment_status":"open","ping_status":"open","sticky":false,"template":"","format":"standard","meta":{"_monsterinsights_skip_tracking":false,"_monsterinsights_sitenote_active":false,"_monsterinsights_sitenote_note":"","_monsterinsights_sitenote_category":0,"_jetpack_memberships_contains_paid_content":false,"footnotes":""},"categories":[11,550],"tags":[556,551,557,553,12,555,554,522,558,552],"class_list":["post-644","post","type-post","status-publish","format-standard","has-post-thumbnail","hentry","category-espiritualidad","category-apometria","tag-conexion-mediumnica","tag-desdoblamientos","tag-dimensiones-sutiles","tag-energia-astral","tag-espiritualidad","tag-frecuencia-vibracional","tag-periespiritu","tag-sanacion-energetica","tag-tecnicas-apometricas","tag-terapia-espiritual"],"jetpack_featured_media_url":"https:\/\/i0.wp.com\/analuzterapias.com\/wp-content\/uploads\/2023\/09\/3409428.jpg?fit=1280%2C853&ssl=1","jetpack-related-posts":[],"jetpack_sharing_enabled":true,"_links":{"self":[{"href":"https:\/\/analuzterapias.com\/pt\/wp-json\/wp\/v2\/posts\/644","targetHints":{"allow":["GET"]}}],"collection":[{"href":"https:\/\/analuzterapias.com\/pt\/wp-json\/wp\/v2\/posts"}],"about":[{"href":"https:\/\/analuzterapias.com\/pt\/wp-json\/wp\/v2\/types\/post"}],"author":[{"embeddable":true,"href":"https:\/\/analuzterapias.com\/pt\/wp-json\/wp\/v2\/users\/1"}],"replies":[{"embeddable":true,"href":"https:\/\/analuzterapias.com\/pt\/wp-json\/wp\/v2\/comments?post=644"}],"version-history":[{"count":7,"href":"https:\/\/analuzterapias.com\/pt\/wp-json\/wp\/v2\/posts\/644\/revisions"}],"predecessor-version":[{"id":697,"href":"https:\/\/analuzterapias.com\/pt\/wp-json\/wp\/v2\/posts\/644\/revisions\/697"}],"wp:featuredmedia":[{"embeddable":true,"href":"https:\/\/analuzterapias.com\/pt\/wp-json\/wp\/v2\/media\/646"}],"wp:attachment":[{"href":"https:\/\/analuzterapias.com\/pt\/wp-json\/wp\/v2\/media?parent=644"}],"wp:term":[{"taxonomy":"category","embeddable":true,"href":"https:\/\/analuzterapias.com\/pt\/wp-json\/wp\/v2\/categories?post=644"},{"taxonomy":"post_tag","embeddable":true,"href":"https:\/\/analuzterapias.com\/pt\/wp-json\/wp\/v2\/tags?post=644"}],"curies":[{"name":"wp","href":"https:\/\/api.w.org\/{rel}","templated":true}]}}